{"id":31176,"__str__":"Projeto de Lei Complementar do Legislativo n\u00ba 994 de 2025","link_detail_backend":"/materia/31176","metadata":{},"numero":994,"ano":2025,"numero_protocolo":null,"data_apresentacao":"2025-12-10","tipo_apresentacao":"E","data_publicacao":null,"numero_origem_externa":"","ano_origem_externa":null,"data_origem_externa":null,"apelido":"Isen\u00e7\u00e3o de IPTU im\u00f3veis de vias com buracos","dias_prazo":null,"data_fim_prazo":null,"em_tramitacao":false,"polemica":false,"objeto":"","complementar":true,"ementa":"DISP\u00d5E SOBRE A ISEN\u00c7\u00c3O PROPORCIONAL OU TOTAL DO IMPOSTO PREDIAL E TERRITORIAL URBANO - IPTU AOS PROPRIET\u00c1RIOS DE IM\u00d3VEIS LOCALIZADOS EM VIAS P\u00daBLICAS QUE APRESENTEM BURACOS, EROS\u00d5ES OU FALTA DE MANUTEN\u00c7\u00c3O; E D\u00c1 OUTRAS PROVID\u00caNCIAS.","indexacao":"DISP\u00d5E SOBRE A ISEN\u00c7\u00c3O PROPORCIONAL OU TOTAL DO IMPOSTO PREDIAL E TERRITORIAL URBANO - IPTU AOS PROPRIET\u00c1RIOS DE IM\u00d3VEIS LOCALIZADOS EM VIAS P\u00daBLICAS QUE APRESENTEM BURACOS, EROS\u00d5ES OU FALTA DE MANUTEN\u00c7\u00c3O; E D\u00c1 OUTRAS PROVID\u00caNCIAS.","observacao":"","resultado":"","texto_original":"http://sapl.patosdeminas.mg.leg.br/media/sapl/public/materialegislativa/2025/31176/994__dispoe_sobre_a_isencao_proporcional_ou_total_do_imposto_predial_e_territorial_urbano__iptu_rev.pdf","data_ultima_atualizacao":"2026-03-03T08:54:38.728010-03:00","ip":"177.69.50.193","ultima_edicao":"2025-12-11T12:54:45.327295-03:00","tipo":5,"regime_tramitacao":1,"tipo_origem_externa":null,"local_origem_externa":null,"user":174,"anexadas":[],"autores":[259]}