{"id":3028,"__str__":"Indica\u00e7\u00e3o n\u00ba 50 de 2012","link_detail_backend":"/materia/3028","metadata":{},"numero":50,"ano":2012,"numero_protocolo":null,"data_apresentacao":"2012-02-22","tipo_apresentacao":"E","data_publicacao":null,"numero_origem_externa":"","ano_origem_externa":null,"data_origem_externa":null,"apelido":"","dias_prazo":null,"data_fim_prazo":null,"em_tramitacao":true,"polemica":null,"objeto":"","complementar":null,"ementa":"\u00c0 PREFEITA MUNICIPAL: SOLICITANDO DISPONIBILIZAR ABRIGO PARA AS M\u00c3ES QUE UTILIZAM O SISTEMA DE SA\u00daDE P\u00daBLICA EM PATOS DE MINAS PARA DAR A LUZ, ESPECIALMENTE AS PROVENIENTES DA ZONA RURAL OU DE MUNIC\u00cdPIOS VIZINHOS E QUE N\u00c3O T\u00caM CONDI\u00c7\u00d5ES DE ALUGAR UMA CASA, UM QUARTO DE HOTEL OU PENS\u00c3O, ENQUANTO A CRIAN\u00c7A EST\u00c1 NO LEITO NEONATAL.","indexacao":"","observacao":"","resultado":"","texto_original":"http://sapl.patosdeminas.mg.leg.br/media/sapl/public/materialegislativa/2012/3028/3028_texto_integral.doc","data_ultima_atualizacao":"2018-10-18T09:28:33.800406-03:00","ip":"","ultima_edicao":null,"tipo":8,"regime_tramitacao":1,"tipo_origem_externa":null,"local_origem_externa":null,"user":null,"anexadas":[],"autores":[10]}