{"id":29402,"__str__":"Projeto de Lei Ordin\u00e1ria do Executivo n\u00ba 5956 de 2024","link_detail_backend":"/materia/29402","metadata":{"signs":{"texto_original":{}}},"numero":5956,"ano":2024,"numero_protocolo":null,"data_apresentacao":"2024-05-03","tipo_apresentacao":"E","data_publicacao":null,"numero_origem_externa":"436","ano_origem_externa":2024,"data_origem_externa":"2024-05-03","apelido":"Cria CMEI Profa. Iracy Dias Maciel P\u00f4rto","dias_prazo":null,"data_fim_prazo":null,"em_tramitacao":false,"polemica":false,"objeto":"","complementar":false,"ementa":"CRIA O CENTRO MUNICIPAL DE EDUCA\u00c7\u00c3O INFANTIL \u201cPROFESSORA IRACY DIAS MACIEL P\u00d4RTO\u201d E D\u00c1 OUTRAS PROVID\u00caNCIAS.","indexacao":"CRIA O CENTRO MUNICIPAL DE EDUCA\u00c7\u00c3O INFANTIL \u201cPROFESSORA IRACY DIAS MACIEL P\u00d4RTO\u201d E D\u00c1 OUTRAS PROVID\u00caNCIAS.","observacao":"","resultado":"","texto_original":"http://sapl.patosdeminas.mg.leg.br/media/sapl/public/materialegislativa/2024/29402/5956_cria_o_centro_m._de_ed._infantil_professora_iracy_dias_maciel_porto.pdf","data_ultima_atualizacao":"2024-05-21T12:27:06.592902-03:00","ip":"177.85.0.226","ultima_edicao":"2024-05-06T13:25:23.143875-03:00","tipo":1,"regime_tramitacao":1,"tipo_origem_externa":4,"local_origem_externa":4,"user":174,"anexadas":[],"autores":[12]}