{"id":28850,"__str__":"Projeto de Lei Complementar do Legislativo n\u00ba 929 de 2023","link_detail_backend":"/materia/28850","metadata":{},"numero":929,"ano":2023,"numero_protocolo":null,"data_apresentacao":"2023-09-14","tipo_apresentacao":"E","data_publicacao":null,"numero_origem_externa":"","ano_origem_externa":null,"data_origem_externa":null,"apelido":"","dias_prazo":null,"data_fim_prazo":null,"em_tramitacao":true,"polemica":false,"objeto":"","complementar":false,"ementa":"ALTERA O ANEXO IV DA LEI COMPLEMENTAR N\u00ba 320, DE 31 DE DEZEMBRO DE 2008, QUE \u201cINSTITUI A REVIS\u00c3O DA LEI DE ZONEAMENTO, USO E OCUPA\u00c7\u00c3O DOS TERRENOS E EDIFICA\u00c7\u00d5ES NO MUNIC\u00cdPIO DE PATOS DE MINAS\u201d.","indexacao":"ALTERA O ANEXO IV DA LEI COMPLEMENTAR N\u00ba 320, DE 31 DE DEZEMBRO DE 2008, QUE \u201cINSTITUI A REVIS\u00c3O DA LEI DE ZONEAMENTO, USO E OCUPA\u00c7\u00c3O DOS TERRENOS E EDIFICA\u00c7\u00d5ES NO MUNIC\u00cdPIO DE PATOS DE MINAS\u201d.","observacao":"","resultado":"","texto_original":"http://sapl.patosdeminas.mg.leg.br/media/sapl/public/materialegislativa/2023/28850/929_altera_lei_320_zoneamentos_de_ruas_bairro_planalto.pdf","data_ultima_atualizacao":"2025-11-19T15:37:46.884602-03:00","ip":"177.85.0.226","ultima_edicao":"2023-09-22T13:07:59.786745-03:00","tipo":5,"regime_tramitacao":1,"tipo_origem_externa":null,"local_origem_externa":null,"user":179,"anexadas":[],"autores":[216]}