{"id":12645,"__str__":"Projeto de Lei Ordin\u00e1ria do Legislativo n\u00ba 3752 de 2013","link_detail_backend":"/materia/12645","metadata":{},"numero":3752,"ano":2013,"numero_protocolo":null,"data_apresentacao":"2013-08-13","tipo_apresentacao":"E","data_publicacao":null,"numero_origem_externa":"3752","ano_origem_externa":2013,"data_origem_externa":null,"apelido":"Institui Semana Municipal de Concientiza\u00e7\u00e3o","dias_prazo":null,"data_fim_prazo":null,"em_tramitacao":false,"polemica":false,"objeto":"","complementar":false,"ementa":"INSTITUI NO MUNIC\u00cdPIO DE PATOS DE MINAS A &#8220;SEMANA MUNICIPAL DE CONSCIENTIZA\u00c7\u00c3O DO AUTISMO&#8221;.","indexacao":"INSTITUI NO MUNIC\u00cdPIO DE PATOS DE MINAS A &#8220;SEMANA MUNICIPAL DE CONSCIENTIZA\u00c7\u00c3O DO AUTISMO&#8221;.","observacao":"","resultado":"","texto_original":"http://sapl.patosdeminas.mg.leg.br/media/sapl/public/materialegislativa/2013/12645/12645_texto_integral.docx","data_ultima_atualizacao":"2018-10-18T09:29:05.883256-03:00","ip":"","ultima_edicao":null,"tipo":16,"regime_tramitacao":1,"tipo_origem_externa":16,"local_origem_externa":3,"user":null,"anexadas":[],"autores":[163]}