{"id":12380,"__str__":"Projeto de Lei Complementar do Executivo n\u00ba 512 de 2013","link_detail_backend":"/materia/12380","metadata":{},"numero":512,"ano":2013,"numero_protocolo":null,"data_apresentacao":"2013-06-17","tipo_apresentacao":"E","data_publicacao":null,"numero_origem_externa":"512","ano_origem_externa":2013,"data_origem_externa":"2013-06-17","apelido":"Altera anexos I e II da Lei Complementar n\u00ba 334","dias_prazo":null,"data_fim_prazo":null,"em_tramitacao":false,"polemica":null,"objeto":"","complementar":null,"ementa":"ALTERA OS ANEXOS I E II DA LEI COMPLEMENTAR N\u00ba 334, DE 28 DE DEZEMBRO DE 2009, QUE DISP\u00d5E SOBRE A CRIA\u00c7\u00c3O E EXTIN\u00c7\u00c3O DE CARGOS QUE ESPECIFICA E D\u00c1 OUTRAS PROVID\u00caNCIAS.","indexacao":"ALTERA OS ANEXOS I E II DA LEI COMPLEMENTAR N\u00ba 334, DE 28 DE DEZEMBRO DE 2009, QUE DISP\u00d5E SOBRE A CRIA\u00c7\u00c3O E EXTIN\u00c7\u00c3O DE CARGOS QUE ESPECIFICA E D\u00c1 OUTRAS PROVID\u00caNCIAS.","observacao":"","resultado":"","texto_original":"http://sapl.patosdeminas.mg.leg.br/media/sapl/public/materialegislativa/2013/12380/12380_texto_integral.doc","data_ultima_atualizacao":"2018-10-18T09:30:12.530399-03:00","ip":"","ultima_edicao":null,"tipo":15,"regime_tramitacao":1,"tipo_origem_externa":15,"local_origem_externa":4,"user":null,"anexadas":[],"autores":[12]}