{"id":11980,"__str__":"Projeto de Lei Ordin\u00e1ria do Legislativo n\u00ba 3620 de 2013","link_detail_backend":"/materia/11980","metadata":{},"numero":3620,"ano":2013,"numero_protocolo":null,"data_apresentacao":"2013-04-19","tipo_apresentacao":"E","data_publicacao":null,"numero_origem_externa":"3620","ano_origem_externa":2013,"data_origem_externa":"2013-04-19","apelido":"Denomina Avenuda Ren\u00ea de Deus Vieira","dias_prazo":null,"data_fim_prazo":null,"em_tramitacao":false,"polemica":false,"objeto":"","complementar":false,"ementa":"DENOMINA AVENIDA PROFESSOR REN\u00ca DE DEUS VIEIRA A AVENIDA DE ACESSO AO INSTITUTO FEDERAL DO TRI\u00c2NGULO MINEIRO (IFTM), LOCALIZADA NO SETOR 52, COM IN\u00cdCIO NA BR-365, EM PATOS DE MINAS.\r\n","indexacao":"DENOMINA AVENIDA PROFESSOR REN\u00ca DE DEUS VIEIRA A AVENIDA DE ACESSO AO INSTITUTO FEDERAL DO TRI\u00c2NGULO MINEIRO (IFTM), LOCALIZADA NO SETOR 52, COM IN\u00cdCIO NA BR-365, EM PATOS DE MINAS.\r\n","observacao":"","resultado":"","texto_original":"http://sapl.patosdeminas.mg.leg.br/media/sapl/public/materialegislativa/2013/11980/11980_texto_integral.doc","data_ultima_atualizacao":"2018-10-18T09:28:49.453681-03:00","ip":"","ultima_edicao":null,"tipo":16,"regime_tramitacao":1,"tipo_origem_externa":16,"local_origem_externa":3,"user":null,"anexadas":[],"autores":[3]}